{"id":766,"date":"2025-03-13T02:54:53","date_gmt":"2025-03-13T02:54:53","guid":{"rendered":"https:\/\/elpeso.ar\/?p=766"},"modified":"2025-03-13T02:54:53","modified_gmt":"2025-03-13T02:54:53","slug":"anatema","status":"publish","type":"post","link":"https:\/\/elpeso.ar\/index.php\/2025\/03\/13\/anatema\/","title":{"rendered":"Anatema"},"content":{"rendered":"\n<p><em>\u201cBajo el influjo de cierta superstici\u00f3n -no del todo infundada-; el pueblo tuvo por art\u00edculo de fe que, mientras Jacques de Molay se quemaba en el poste, convoc\u00f3 a sus poderosos perseguidores ante el Tribunal de Dios en el breve plazo que les qued\u00f3 de vida\u2026\u201d<\/em><\/p>\n\n\n\n<p><strong>Alejandro Dumas<\/strong> en:\u00a0<em>\u201cLos Caballeros Templarios\u201d<\/em><\/p>\n\n\n\n<figure class=\"wp-block-image size-full is-resized\"><img loading=\"lazy\" decoding=\"async\" width=\"220\" height=\"222\" src=\"https:\/\/elpeso.ar\/wp-content\/uploads\/2025\/03\/Alexandre_Dumas_1.jpg\" alt=\"\" class=\"wp-image-770\" style=\"width:420px;height:auto\" srcset=\"https:\/\/elpeso.ar\/wp-content\/uploads\/2025\/03\/Alexandre_Dumas_1.jpg 220w, https:\/\/elpeso.ar\/wp-content\/uploads\/2025\/03\/Alexandre_Dumas_1-150x150.jpg 150w\" sizes=\"auto, (max-width: 220px) 100vw, 220px\" \/><\/figure>\n\n\n\n<p><strong>Alexandre Dumas Davy de la Pailleterie<\/strong> (1802-1870), conocido como\u00a0<strong>Alexandre Dumas<\/strong>\u00a0y en los pa\u00edses hispanohablantes como\u00a0<strong>Alejandro Dumas (padre)<\/strong>, fue novelista y dramaturgo franc\u00e9s, naci\u00f3 el 24 de julio de 1802 en Villers-Cotter\u00eats, Francia. Hijo del general Thomas-Alexandre Dumas -de ascendencia afrocaribe\u00f1a (hijo de un noble franc\u00e9s y una esclava haitiana)- y de una mujer francesa, qued\u00f3 en la pobreza tras la muerte prematura de su padre. Con educaci\u00f3n limitada, fue autodidacta y se traslad\u00f3 a Par\u00eds en 1823, donde trabaj\u00f3 como escribano para el duque de Orl\u00e9ans.<\/p>\n\n\n\n<figure class=\"wp-block-image size-full\"><img loading=\"lazy\" decoding=\"async\" width=\"200\" height=\"273\" src=\"https:\/\/elpeso.ar\/wp-content\/uploads\/2025\/03\/Tres-Mosqueteros.jpg\" alt=\"\" class=\"wp-image-771\"\/><\/figure>\n\n\n\n<p>Inici\u00f3 su carrera literaria con obras de teatro, destacando&nbsp;<em>Enrique III y su corte<\/em>&nbsp;(1829), que lo consagr\u00f3. Posteriormente, se dedic\u00f3 a novelas hist\u00f3ricas serializadas, muchas escritas con colaboradores como Auguste Maquet. Sus obras m\u00e1s famosas,&nbsp;<em>Los tres mosqueteros<\/em>&nbsp;(1844) y&nbsp;<em>El conde de Montecristo<\/em>&nbsp;(1844-1845), mezclan aventura, intriga y contexto hist\u00f3rico, convirti\u00e9ndolo en un fen\u00f3meno literario.<\/p>\n\n\n\n<figure class=\"wp-block-image size-full\"><img loading=\"lazy\" decoding=\"async\" width=\"200\" height=\"267\" src=\"https:\/\/elpeso.ar\/wp-content\/uploads\/2025\/03\/conde.jpg\" alt=\"\" class=\"wp-image-772\"\/><\/figure>\n\n\n\n<p>Vivi\u00f3 con extravagancia, construyendo el lujoso Ch\u00e2teau de Monte-Cristo, pero sus gastos lo llevaron a la bancarrota. Particip\u00f3 en la Revoluci\u00f3n de julio de 1830 y apoy\u00f3 a Garibaldi en la unificaci\u00f3n italiana (1860). Exiliado en B\u00e9lgica por deudas y tras el ascenso de Napole\u00f3n III, escribi\u00f3 memorias y libros de viaje.<\/p>\n\n\n\n<p>Falleci\u00f3 el 5 de diciembre de 1870. Aunque enfrent\u00f3 racismo en vida, su legado es inmortal: sus obras, adaptadas globalmente, lo ubican como un pilar de la literatura francesa. En 2002, sus cenizas fueron trasladadas al Pante\u00f3n de Par\u00eds. Su hijo, Alexandre Dumas Hijo, tambi\u00e9n fue escritor c\u00e9lebre (<em>La dama de las camelias<\/em>).<\/p>\n","protected":false},"excerpt":{"rendered":"<p>\u201cBajo el influjo de cierta superstici\u00f3n -no del todo infundada-; el pueblo tuvo por art\u00edculo de fe que, mientras Jacques de Molay se quemaba en el poste, convoc\u00f3 a sus poderosos perseguidores ante el Tribunal de Dios en el breve plazo que les qued\u00f3 de vida\u2026\u201d Alejandro Dumas en:\u00a0\u201cLos Caballeros Templarios\u201d Alexandre Dumas Davy de [&hellip;]<\/p>\n","protected":false},"author":1,"featured_media":768,"comment_status":"open","ping_status":"open","sticky":false,"template":"","format":"standard","meta":{"_uag_custom_page_level_css":"","_swt_meta_header_display":false,"_swt_meta_footer_display":false,"_swt_meta_site_title_display":false,"_swt_meta_sticky_header":false,"_swt_meta_transparent_header":false,"footnotes":""},"categories":[19],"tags":[],"class_list":["post-766","post","type-post","status-publish","format-standard","has-post-thumbnail","hentry","category-signos"],"uagb_featured_image_src":{"full":["https:\/\/elpeso.ar\/wp-content\/uploads\/2025\/03\/2.jpg",1024,680,false],"thumbnail":["https:\/\/elpeso.ar\/wp-content\/uploads\/2025\/03\/2-150x150.jpg",150,150,true],"medium":["https:\/\/elpeso.ar\/wp-content\/uploads\/2025\/03\/2-300x199.jpg",300,199,true],"medium_large":["https:\/\/elpeso.ar\/wp-content\/uploads\/2025\/03\/2-768x510.jpg",768,510,true],"large":["https:\/\/elpeso.ar\/wp-content\/uploads\/2025\/03\/2.jpg",1024,680,false],"1536x1536":["https:\/\/elpeso.ar\/wp-content\/uploads\/2025\/03\/2.jpg",1024,680,false],"2048x2048":["https:\/\/elpeso.ar\/wp-content\/uploads\/2025\/03\/2.jpg",1024,680,false]},"uagb_author_info":{"display_name":"admin","author_link":"https:\/\/elpeso.ar\/index.php\/author\/admin_zf54oxiw\/"},"uagb_comment_info":0,"uagb_excerpt":"\u201cBajo el influjo de cierta superstici\u00f3n -no del todo infundada-; el pueblo tuvo por art\u00edculo de fe que, mientras Jacques de Molay se quemaba en el poste, convoc\u00f3 a sus poderosos perseguidores ante el Tribunal de Dios en el breve plazo que les qued\u00f3 de vida\u2026\u201d Alejandro Dumas en:\u00a0\u201cLos Caballeros Templarios\u201d Alexandre Dumas Davy de&hellip;","_links":{"self":[{"href":"https:\/\/elpeso.ar\/index.php\/wp-json\/wp\/v2\/posts\/766","targetHints":{"allow":["GET"]}}],"collection":[{"href":"https:\/\/elpeso.ar\/index.php\/wp-json\/wp\/v2\/posts"}],"about":[{"href":"https:\/\/elpeso.ar\/index.php\/wp-json\/wp\/v2\/types\/post"}],"author":[{"embeddable":true,"href":"https:\/\/elpeso.ar\/index.php\/wp-json\/wp\/v2\/users\/1"}],"replies":[{"embeddable":true,"href":"https:\/\/elpeso.ar\/index.php\/wp-json\/wp\/v2\/comments?post=766"}],"version-history":[{"count":2,"href":"https:\/\/elpeso.ar\/index.php\/wp-json\/wp\/v2\/posts\/766\/revisions"}],"predecessor-version":[{"id":773,"href":"https:\/\/elpeso.ar\/index.php\/wp-json\/wp\/v2\/posts\/766\/revisions\/773"}],"wp:featuredmedia":[{"embeddable":true,"href":"https:\/\/elpeso.ar\/index.php\/wp-json\/wp\/v2\/media\/768"}],"wp:attachment":[{"href":"https:\/\/elpeso.ar\/index.php\/wp-json\/wp\/v2\/media?parent=766"}],"wp:term":[{"taxonomy":"category","embeddable":true,"href":"https:\/\/elpeso.ar\/index.php\/wp-json\/wp\/v2\/categories?post=766"},{"taxonomy":"post_tag","embeddable":true,"href":"https:\/\/elpeso.ar\/index.php\/wp-json\/wp\/v2\/tags?post=766"}],"curies":[{"name":"wp","href":"https:\/\/api.w.org\/{rel}","templated":true}]}}