{"id":664,"date":"2025-01-25T22:36:12","date_gmt":"2025-01-25T22:36:12","guid":{"rendered":"https:\/\/elpeso.ar\/?p=664"},"modified":"2025-01-25T22:36:12","modified_gmt":"2025-01-25T22:36:12","slug":"la-batalla-de-la-antartida","status":"publish","type":"post","link":"https:\/\/elpeso.ar\/index.php\/2025\/01\/25\/la-batalla-de-la-antartida\/","title":{"rendered":"La Batalla de la Ant\u00e1rtida"},"content":{"rendered":"\n<p><strong>[Artemio Gris]<\/strong>&nbsp;<strong>Howard Phillips Lovecraft<\/strong>&nbsp;imagin\u00f3 un mundo perdido detr\u00e1s de una gran muralla de hielo como la que encontraron aquellos que tuvieron la oportunidad de explorar la Ant\u00e1rtida, el \u00faltimo continente casi virgen que hab\u00eda hasta comienzos del siglo XX. En el siglo XIX, la Ant\u00e1rtida s\u00f3lo hab\u00eda sido explorada por algunas expediciones argentinas, la primera de ellas comandada por el Comandante de la Armada Argentina&nbsp;<strong>Guillermo Brown&nbsp;<\/strong>en 1815 y luego por otras embarcaciones argentinas como el&nbsp;<strong>San Juan Nepomuceno<\/strong>&nbsp;y el&nbsp;<strong>Sp\u00edritu Santo<\/strong>, \u00e9stas \u00faltimas en 1819; entre otras que se realizaron hasta el final del siglo.<\/p>\n\n\n\n<p>Ya a principios del siglo XX y desde el  hemisferio norte, partieron al polo sur las expediciones del noruego\u00a0<strong>Roald Amudsen<\/strong>\u00a0(1872-1928) que logr\u00f3 su objetivo de alcanzar el polo geogr\u00e1fico y el malogrado\u00a0<strong>Brit\u00e1nico Robert Falcon Scott<\/strong>\u00a0(1878-1909) que falleci\u00f3 en el intento y all\u00ed qued\u00f3 con sus hombres, todos congelados frente a la barrera de hielo, hasta el d\u00eda de hoy. A fines de la d\u00e9cada del \u00b430 del siglo XX, el III Reich hizo esfuerzos enormes para dirigirse a la Ant\u00e1rtida antes de que empiece formalmente la segunda guerra mundial en el a\u00f1o 1939; cuando organiz\u00f3 una expedici\u00f3n de investigaci\u00f3n a la Ant\u00e1rtida llevando una base flotante de hidroaviones\u00a0<strong>Schwabenland\u00a0<\/strong>que sali\u00f3 de Hamburgo con veinticuatro miembros de tripulaci\u00f3n y treinta y tres exploradores polares a bordo. La expedici\u00f3n fue dirigida por el ocean\u00f3grafo\u00a0<strong>Alfred Ritscher<\/strong>.<\/p>\n\n\n\n<figure class=\"wp-block-image size-full is-resized\"><img loading=\"lazy\" decoding=\"async\" width=\"500\" height=\"214\" src=\"https:\/\/elpeso.ar\/wp-content\/uploads\/2025\/01\/AvionByrdSobrevoloPoloSur.jpg\" alt=\"\" class=\"wp-image-665\" style=\"width:394px;height:auto\" srcset=\"https:\/\/elpeso.ar\/wp-content\/uploads\/2025\/01\/AvionByrdSobrevoloPoloSur.jpg 500w, https:\/\/elpeso.ar\/wp-content\/uploads\/2025\/01\/AvionByrdSobrevoloPoloSur-300x128.jpg 300w\" sizes=\"auto, (max-width: 500px) 100vw, 500px\" \/><\/figure>\n\n\n\n<p><em><strong>Avi\u00f3n con el que el Contralmirante Bird sobrevol\u00f3 el Polo Sur<\/strong><\/em><\/p>\n\n\n\n<p>Al zarpar de tierras germanas, el Ministro de Estado\u00a0<strong>Rudolf Hess<\/strong>\u00a0principal impulsor de esta expedici\u00f3n y segundo de\u00a0<strong>Hitler<\/strong>, salud\u00f3 al\u00a0<strong>Schwabenland<\/strong>\u00a0recordando la importancia de la misi\u00f3n para el plan del Tercer Reich. Cabe recodar que dos a\u00f1os despu\u00e9s, en mayo de 1941, este enigm\u00e1tico personaje viajar\u00e1 en avi\u00f3n a Inglaterra y saltar\u00e1 en un paraca\u00eddas por problemas mec\u00e1nicos. Su intenci\u00f3n era llegar a Escocia y hicieron las m\u00e1s variadas y extravagantes especulaciones, pero sin certezas, sobres las razones de este vuelo. Lo concreto es que\u00a0<strong>Hess<\/strong>\u00a0pas\u00f3 el resto de su vida en una prisi\u00f3n, primero en Inglaterra y luego de la guerra en una prisi\u00f3n de m\u00e1xima seguridad en\u00a0<strong>Spandau<\/strong>\u00a0(Berl\u00edn occidental en aquel momento) hasta su muerte dudosa en 1987, presuntamente por suicidio a sus 93 a\u00f1os, pues result\u00f3 extra\u00f1o que una persona tan longeva se suicide sin razones aparentes.<\/p>\n\n\n\n<figure class=\"wp-block-image size-full\"><img loading=\"lazy\" decoding=\"async\" width=\"500\" height=\"502\" src=\"https:\/\/elpeso.ar\/wp-content\/uploads\/2025\/01\/DeutscheAntarktischeExpedition.jpg\" alt=\"\" class=\"wp-image-666\" srcset=\"https:\/\/elpeso.ar\/wp-content\/uploads\/2025\/01\/DeutscheAntarktischeExpedition.jpg 500w, https:\/\/elpeso.ar\/wp-content\/uploads\/2025\/01\/DeutscheAntarktischeExpedition-300x300.jpg 300w, https:\/\/elpeso.ar\/wp-content\/uploads\/2025\/01\/DeutscheAntarktischeExpedition-150x150.jpg 150w\" sizes=\"auto, (max-width: 500px) 100vw, 500px\" \/><\/figure>\n\n\n\n<p><strong><em>Sello de la expedici\u00f3n alemana<\/em><\/strong><\/p>\n\n\n\n<p>Cuando los alemanes arribaron a las costas orientales del continente blanco, un 22 de enero de1939, lanzaron una jabalina desde un avi\u00f3n alem\u00e1n Passant que se clav\u00f3 en la llamada\u00a0<strong>Tierra de la Reina Maud<\/strong>\u00a0y despleg\u00f3 una bandera roja en cuyo centro circular blanco se luc\u00eda una esv\u00e1stica negra. El 30 de enero, la expedici\u00f3n festej\u00f3 el sexto aniversario del ascenso al poder del siniestro\u00a0<strong>Adolf Hitler<\/strong>\u00a0en la sala principal del barco\u00a0<strong>Schwabenland<\/strong>, con un discurso del segundo oficial\u00a0<strong>Karl-Heinz R\u00f6bke<\/strong>, quien record\u00f3 <em>\u00abtodos los logros del F\u00fchrer\u00bb<\/em> y volvi\u00f3 a explicar los planes del l\u00edder: <strong>la Ant\u00e1rtida estaba destinada a ser territorio nazi<\/strong>.<\/p>\n\n\n\n<figure class=\"wp-block-image size-full is-resized\"><img loading=\"lazy\" decoding=\"async\" width=\"500\" height=\"225\" src=\"https:\/\/elpeso.ar\/wp-content\/uploads\/2025\/01\/PresuntoOVNIAleman.jpg\" alt=\"\" class=\"wp-image-667\" style=\"width:397px;height:auto\" srcset=\"https:\/\/elpeso.ar\/wp-content\/uploads\/2025\/01\/PresuntoOVNIAleman.jpg 500w, https:\/\/elpeso.ar\/wp-content\/uploads\/2025\/01\/PresuntoOVNIAleman-300x135.jpg 300w\" sizes=\"auto, (max-width: 500px) 100vw, 500px\" \/><\/figure>\n\n\n\n<p><strong><em>Dise\u00f1o de un presunto OVNI alem\u00e1n<\/em><\/strong><\/p>\n\n\n\n<p>Algunos d\u00edas despu\u00e9s un hidroavi\u00f3n inspeccion\u00f3 la zona y encuentr\u00f3 una enorme cordillera extensa con un muro interminable de hielo y luego de tal reconocimiento, tres hombres la recorrieran a pie unos d\u00edas despu\u00e9s. Extra\u00f1a coincidencia con lo narrado por\u00a0<strong>Howard Phillips Lovecraft\u00a0<\/strong>en su novela que titul\u00f3\u00a0<em>\u201c<strong>En las monta\u00f1as de la locura<\/strong><\/em>\u201d que fue escrita entre febrero y marzo de 1931;\u00a0<strong>o sea, ocho a\u00f1os antes<\/strong>, en la peque\u00f1a localidad de Providence, en Estados Unidos.<\/p>\n\n\n\n<figure class=\"wp-block-image size-full is-resized\"><img loading=\"lazy\" decoding=\"async\" width=\"500\" height=\"569\" src=\"https:\/\/elpeso.ar\/wp-content\/uploads\/2025\/01\/CampanaNazi.gif\" alt=\"\" class=\"wp-image-668\" style=\"width:388px;height:auto\"\/><\/figure>\n\n\n\n<p><strong><em>\u00abLa Campana\u00bb<\/em><\/strong><\/p>\n\n\n\n<p>Una vez en territorio helado, los expedicionarios utilizaron 50 jabalinas met\u00e1licas con banderas nazis para delimitar el territorio. A 500 metros de la costa, la peque\u00f1a excursi\u00f3n clav\u00f3 otra bandera, esta vez mucho m\u00e1s grande e imponente y consagr\u00f3 la tierra como la primera colonia del Tercer Reich en el sexto Continente. Casi nada se sabe de las aventuras alemanas en estas tierras australes, salvo que, al parecer llegaron a esa misma zona durante los a\u00f1os siguientes, numerosos submarinos.<\/p>\n\n\n\n<p>Los\u00a0<strong>Estados Unidos<\/strong>, por su parte, impulsaron varias expediciones entre 1928 y 1930 comandadas por el\u00a0<strong>Contralmirante<\/strong>\u00a0<strong>Richard Byrd<\/strong>, que hizo un campamento base cerca del\u00a0<strong>Mar de Ross<\/strong>\u00a0y sobrevol\u00f3 en alguna medida el continente ant\u00e1rtico en 1929. Una segunda expedici\u00f3n fue planificada en 1934 donde habr\u00eda pasado un invierno recogiendo datos cerca de la base del\u00a0<strong>Mar de Ross<\/strong>; pero estas incursiones no habr\u00edan sido m\u00e1s que perif\u00e9ricas. La crisis econ\u00f3mica que empez\u00f3 con el crack de la bolsa de Nueva York en 1929, desfinanci\u00f3 a\u00a0<strong>Byrd<\/strong>, quien deber\u00e1 esperar hasta 1947, a\u00f1o en el que se iniciaron nuevas operaciones que resultaron controvertidas y fuente de las conjeturas m\u00e1s inveros\u00edmiles, jam\u00e1s imaginadas en relaci\u00f3n a misiones oficiales.<\/p>\n\n\n\n<p>Hasta 1938, la historia es m\u00e1s o menos prosaica. Los nazis pusieron sus ojos en la Ant\u00e1rtida a finales de la d\u00e9cada del \u201830 por varios motivos.\u00a0<strong>Por un lado, la regi\u00f3n ofrec\u00eda un atractivo geoestrat\u00e9gico\u00a0<\/strong><strong>\u00fanico.\u00a0<\/strong><strong>Alemania<\/strong>\u00a0hab\u00eda perdido con la Primera Guerra Mundial varias colonias africanas, una base naval en China y tierras sobre el Oc\u00e9ano Pac\u00edfico, lo que signific\u00f3 una p\u00e9rdida importante de puertos comerciales y militares en diversas latitudes. Cuando los nazis tomaron el poder, poco a poco fueron reconstruyendo el poder\u00edo militar alem\u00e1n y sab\u00edan que, frente a un inevitable nuevo conflicto mundial, iba a necesitar bases en el hemisferio sur por ser imprescindibles para el abastecimiento de buques y submarinos.\u00a0<strong>Las islas sub-ant\u00e1rticas eran una oportunidad perfecta de sumar puertos sin entrar directamente en conflicto con otro pa\u00eds.<\/strong><\/p>\n\n\n\n<p>Alemania, antes de la primera guerra mundial, hab\u00eda hecho varios avances en la regi\u00f3n a comienzos de siglo, desde la estaci\u00f3n meteorol\u00f3gica en\u00a0<strong>Puerto Moltke<\/strong>, en las\u00a0<strong>Islas Georgias del Sur<\/strong>, hasta la m\u00edtica Primera Expedici\u00f3n Ant\u00e1rtica Alemana de la embarcaci\u00f3n <strong>Gauss<\/strong> a cargo de\u00a0<strong>Erich von Drygalski<\/strong>\u00a0en 1903, con cierto apoyo de <strong>Argentina<\/strong> que reivindica esas tierras como propias por ser el pa\u00eds pionero en la regi\u00f3n ant\u00e1rtica. Tras la rendici\u00f3n de la primera guerra mundial, el <strong>Tratado de Versalles<\/strong> termin\u00f3 oficialmente con el estado de guerra entre la Alemania del segundo Reich y los aliados y consign\u00f3 en su art\u00edculo 118, que <strong>Alemania renunciaba a todo reclamo de soberan\u00eda territorial por fuera de Europa<\/strong>; algo que luego fue desconocido por las nuevas autoridades del Partido Nazi que iniciaron la construcci\u00f3n de una base en 1939 que se conoci\u00f3 como\u00a0<em>\u201c<strong>Nueva Suavia<\/strong>\u201d<\/em>.<\/p>\n\n\n\n<p>La derrota alemana en la segunda guerra mundial, implic\u00f3 la divisi\u00f3n del pa\u00eds en varias regiones y finalmente en dos hasta 1989; cuando se derrumb\u00f3 el muro de Berl\u00edn. La otrora poderosa naci\u00f3n industrial termin\u00f3 convertida en un brazo de la OTAN. Aunque goz\u00f3 de cierta prosperidad econ\u00f3mica por ser un punto estrat\u00e9gico frente a la hoy inexistente\u00a0<strong>Uni\u00f3n Sovi\u00e9tica<\/strong>, perdi\u00f3 su autonom\u00eda pol\u00edtica en materia internacional. Al finalizar la segunda guerra, hab\u00edan quedado m\u00e1s de 100 poderosos submarinos alemanes que nunca fueron encontrados. Otros submarinos, no se sabe con precisi\u00f3n cu\u00e1ntos, arribaron a la <strong>Rep\u00fablica\u00a0Argentina<\/strong>. Esta circunstancia gener\u00f3 preocupaci\u00f3n para algunos militares norteamericanos, quienes encabezados por el\u00a0<strong>Contralmirante Byrd<\/strong>\u00a0se preguntaban si los alemanes habr\u00edan construido una base en la Ant\u00e1rtida y de ser as\u00ed, si a\u00fan segu\u00eda existiendo despu\u00e9s de la guerra.<\/p>\n\n\n\n<figure class=\"wp-block-image size-large is-resized\"><img loading=\"lazy\" decoding=\"async\" width=\"1024\" height=\"649\" src=\"https:\/\/elpeso.ar\/wp-content\/uploads\/2025\/01\/batalla2-1024x649.jpg\" alt=\"\" class=\"wp-image-671\" style=\"width:482px;height:auto\" srcset=\"https:\/\/elpeso.ar\/wp-content\/uploads\/2025\/01\/batalla2-1024x649.jpg 1024w, https:\/\/elpeso.ar\/wp-content\/uploads\/2025\/01\/batalla2-300x190.jpg 300w, https:\/\/elpeso.ar\/wp-content\/uploads\/2025\/01\/batalla2-768x487.jpg 768w, https:\/\/elpeso.ar\/wp-content\/uploads\/2025\/01\/batalla2.jpg 1280w\" sizes=\"auto, (max-width: 1024px) 100vw, 1024px\" \/><\/figure>\n\n\n\n<p><strong><em>Representaci\u00f3n art\u00edstica de la Operaci\u00f3n Higth Jump<\/em><\/strong><\/p>\n\n\n\n<p>Aqu\u00ed empieza una de las historias m\u00e1s enigm\u00e1ticas y novelescas de la post guerra, cuando\u00a0<strong>Byrd<\/strong>\u00a0organiza la\u00a0<em>\u201c<strong>Operaci\u00f3n HigthJump<\/strong>\u201d\u00a0<\/em>planificada para tomar el control de las supuestas bases alemanas en la Ant\u00e1rtida, que habr\u00edan quedado intactas despu\u00e9s de la segunda guerra mundial. Los servicios de inteligencia estadounidenses hab\u00edan rastreado mensajes alemanes codificados que hablaban de una supuesta\u00a0<em>\u201c<strong>Base 211<\/strong><\/em>\u201d cuya ubicaci\u00f3n estar\u00eda localizada en el continente ant\u00e1rtico. No deja de llamar la atenci\u00f3n que esta denominada\u00a0<em>\u201c<strong>Operaci\u00f3n HigthJump<\/strong>\u201d<\/em>\u00a0fue la mayor movilizaci\u00f3n militar de la post guerra. Al parecer,\u00a0<strong>Task Force<\/strong>\u00a0estaba integrada por 4700 hombres, 13 aeronaves y 13 barcos, entre ellos un portaviones (el\u00a0<strong>USS Phillipine Sea<\/strong>), un rompehielos (<strong>NorthWinds<\/strong>), y un submarino (<strong>USS Sennet<\/strong>).<\/p>\n\n\n\n<p>La operaci\u00f3n ten\u00eda oficialmente prop\u00f3sitos cient\u00edficos y extraoficialmente otros de car\u00e1cter estrat\u00e9gicos tales como: a) Entrenar al personal y probar material en condiciones de fr\u00edo extremo; b) Consolidar y extender la soberan\u00eda estadounidense sobre la mayor \u00e1rea posible del continente ant\u00e1rtico (negado p\u00fablicamente incluso antes del final de la expedici\u00f3n), frente a la ocupaci\u00f3n del territorio por Argentina; c) Determinar la viabilidad de establecer y mantener bases en la Ant\u00e1rtida e investigar posibles ubicaciones para las mismas; d) Desarrollar t\u00e9cnicas para establecer y mantener bases en la Ant\u00e1rtida; e) Ampliar los conocimientos sobre hidrograf\u00eda, geograf\u00eda, geolog\u00eda meteorolog\u00eda y electromagnetismo en la zona.<\/p>\n\n\n\n<p>Iniciada la operaci\u00f3n el 26 de agoto de 1947, la misma estaba destinada a durar entre seis y ocho meses, sin embargo\u00a0<strong>fue interrumpida abruptamente a escasos dos meses de su inicio<\/strong>. Semejante movilizaci\u00f3n militar fue abortada por el s\u00f3lo motivo, alegado oficialmente, de que hab\u00edan ocurrido algunos accidentes a\u00e9reos con v\u00edctimas. Sin embargo surgen algunas preguntas\u00a0<em>\u00bf<strong>Por qu\u00e9 una expedici\u00f3n presuntamente cient\u00edfica llevaba tantos efectivos y pertrechos militares<\/strong>?<\/em><\/p>\n\n\n\n<figure class=\"wp-block-image size-large is-resized\"><img loading=\"lazy\" decoding=\"async\" width=\"1024\" height=\"659\" src=\"https:\/\/elpeso.ar\/wp-content\/uploads\/2025\/01\/Batalla-3-1024x659.jpg\" alt=\"\" class=\"wp-image-672\" style=\"width:422px;height:auto\" srcset=\"https:\/\/elpeso.ar\/wp-content\/uploads\/2025\/01\/Batalla-3-1024x659.jpg 1024w, https:\/\/elpeso.ar\/wp-content\/uploads\/2025\/01\/Batalla-3-300x193.jpg 300w, https:\/\/elpeso.ar\/wp-content\/uploads\/2025\/01\/Batalla-3-768x494.jpg 768w, https:\/\/elpeso.ar\/wp-content\/uploads\/2025\/01\/Batalla-3.jpg 1280w\" sizes=\"auto, (max-width: 1024px) 100vw, 1024px\" \/><\/figure>\n\n\n\n<p><strong><em>Representaci\u00f3n art\u00edstica de la batalla<\/em><\/strong><\/p>\n\n\n\n<p>Basta recordar que el mundo estaba exhausto por la guerra reci\u00e9n terminada, la <strong>Uni\u00f3n Sovi\u00e9tica<\/strong>, <strong>el pa\u00eds que realmente gan\u00f3 la segunda guerra<\/strong> <strong>mundial<\/strong>, etaba agotada por la <strong>Gran Guerra Patria<\/strong> que le cost\u00f3 veintisiete millones de muertos, Europa estaba arrasada, China en plena revoluci\u00f3n comunista y destruida por la cruenta intrevenci\u00f3n japonesa. Tal vez el \u00fanico pa\u00eds que contaba con solidez econ\u00f3mica y militar en aquel momento y despu\u00e9s de los Estados Unidos, era <strong>Argentina<\/strong>; que fue neutral en la guerra. <strong>Argentina<\/strong> reivindica un sector del territorio ant\u00e1rtico como propio y <strong>tiene desde 1904 presencia permanente en la Ant\u00e1rtida y actualmente cuenta con 13 bases en la misma<\/strong>. La operaci\u00f3n militar estadounidense se desarroll\u00f3 en el extremo ant\u00e1rtico opuesto al de la <strong>Ant\u00e1rtida Argentina<\/strong>.<\/p>\n\n\n\n<p>Pero volviendo a la expedici\u00f3n estadouniudense <em>\u00bf<strong>Por qu\u00e9 se interrumpi\u00f3 tan inesperadamente semejante movilizaci\u00f3n<\/strong>?\u00a0 <\/em>No hay respuestas oficiales, sin embargo el Comandante de esta operaci\u00f3n, el\u00a0<strong>Contralmirante Byrd<\/strong>\u00a0hizo unas extra\u00f1as declaraciones en <strong>Chile<\/strong> cuando arribaron de regreso de la misi\u00f3n, en el\u00a0<strong>Diario El Mercurio<\/strong>\u00a0(considerado el diario m\u00e1s serio de ese pa\u00eds e insospechado de amarillismo). El militar dijo que:<\/p>\n\n\n\n<blockquote class=\"wp-block-quote is-layout-flow wp-block-quote-is-layout-flow\">\n<p><em>\u201c\u2026<strong>Es imperativo para los Estados Unidos iniciar medidas de defensa inmediatamente contra las regiones hostiles. No quero asustar a nadie, pero en los albores de un nuevo mundo, Am\u00e9rica  <\/strong>(refiri\u00e9ndose a su p\u00e1is) <strong>puede ser atacada por un enemigo que tiene la habilidad de volar de polo a polo a una velocidad incre\u00edble<\/strong>\u2026\u201d<\/em><\/p>\n<\/blockquote>\n\n\n\n<p>La pregunta inevitable es\u00a0<em>\u00bf<strong>Qu\u00e9 pas\u00f3 realmente en la operaci\u00f3n Higthjump, para que el contraalmirante Bird haga semejangtes declaraciones<\/strong>?<\/em>, por lo pronto las bajas en esta\u00a0<strong>Task Force<\/strong>\u00a0habr\u00edan sido extraordinarias y no se debieron a\u00a0<em>\u201c<strong>accidentes a\u00e9reos<\/strong>\u201d<\/em>\u00a0desafortunados. No habiendo reconocimiento oficial de lo acontecido que explique las extra\u00f1as consecuencias que sufri\u00f3 esta numerosa expedici\u00f3n oficial, apareci\u00f3 con posterioridad\u00a0<strong>un presunto diario secreto del Contralmirante Richard Byrd<\/strong>\u00a0que narra una experiencia ins\u00f3lita ocurrida durante las exploraciones que hizo sobre el continente ant\u00e1rtico como parte de las misiones all\u00ed encomendadas. Lindante con el delirio este diario da cuenta de un inframundo habitado por unos seres denominados\u00a0<strong>arianos\u00a0<\/strong>que pertenec\u00edan a una antigua y avanzada civilizaci\u00f3n en el interior de la tierra y a la cual se ingresa por una enorme cavidad ubicada en la Ant\u00e1rtida.<\/p>\n\n\n\n<p>Al parecer,&nbsp;<strong>Byrd<\/strong>&nbsp;se habr\u00eda encontrado por accidente con un mundo desconocido en ocasi\u00f3n de sobrevolar al continente helado e ingresar por la enorme caverna que lo llev\u00f3 a un lugar cubierto de vegetaci\u00f3n y con una fauna cuaternaria con mamuts y otras especies ya desaparecidos en la superficie. El lugar parec\u00eda iluminado, pero por un d\u00e9bil sol interior. En el prefacio del diario,&nbsp;<strong>Byrd<\/strong>&nbsp;manifiesta:<\/p>\n\n\n\n<blockquote class=\"wp-block-quote is-layout-flow wp-block-quote-is-layout-flow\">\n<p><em>\u201c<strong>Se me ha denegado la libertad de publicar estas anotaciones y quiz\u00e1 nunca lleguen a la luz de la opini\u00f3n p\u00fablica. Pero yo tengo una tarea que cumplir, y lo que yo he vivido lo dejar\u00e9 aqu\u00ed escrito. Conf\u00edo en que todo esto pueda ser le\u00eddo, en que venga un tiempo en que la ambici\u00f3n y el poder de un grupo de personas no pueda ya ocultar m\u00e1s la verdad<\/strong>\u201d<\/em>.<\/p>\n<\/blockquote>\n\n\n\n<p>Luego de hacer una detallada descripci\u00f3n de su ingreso a este mundo agrega:<\/p>\n\n\n\n<blockquote class=\"wp-block-quote is-layout-flow wp-block-quote-is-layout-flow\">\n<p><em>\u201c<strong>A babor y estribor aparecen, a ambos lados, extra\u00f1os objetos voladores. Son muy r\u00e1pidos y se nos acercan. Est\u00e1n tan cerca que puedo ver claramente su distintivo. Es un interesante s\u00edmbolo sobre el que no quiero hablar. Es fant\u00e1stico. No tengo ni idea de d\u00f3nde estamos<\/strong>\u2026\u201d<\/em><\/p>\n<\/blockquote>\n\n\n\n<p>Luego,&nbsp;<strong>Byrd<\/strong>&nbsp;contin\u00faa su relato asegurando que el avi\u00f3n es&nbsp;<em>\u201c<strong>conducido<\/strong>\u201d<\/em>&nbsp;hacia el&nbsp;<em><strong>Imperio de Arianni<\/strong><\/em>, el mundo interior, en donde se encuentra con unos extra\u00f1os guardianes. Una persona con una s\u00f3lida formaci\u00f3n militar y cient\u00edfica como&nbsp;<strong>Byrd<\/strong>, y que adem\u00e1s ostent\u00f3 durante toda su carrera de una conducta intachable, hace dif\u00edcil de creer que los diarios le pertenezcan; por lo que muchos estiman que son un fraude. Oficialmente&nbsp;<strong>Byrd<\/strong>&nbsp;nunca habl\u00f3 de lo que pas\u00f3 en su expedici\u00f3n -salvo la extra\u00f1a declaraci\u00f3n sobre las necesidades de defensa antes citadas-. Adem\u00e1s, once periodistas acompa\u00f1aron a la expedici\u00f3n y nunca dijeron nada de lo all\u00ed sucedido.<\/p>\n\n\n\n<p>Todo quedar\u00eda en otra teor\u00eda de la conspiraci\u00f3n si no fuera porque hace poco tiempo se desclasificaron\u00a0<strong>archivos del servicio secreto de la KGB\u00a0<\/strong>cuya informaci\u00f3n fue aportada por un esp\u00eda infiltrado que logr\u00f3 encontrar el archivo clasificado de la operaci\u00f3n\u00a0<strong>HigthJump<\/strong>\u00a0y lo remiti\u00f3 a\u00a0<strong>Mosc\u00fa<\/strong>. El informe sovi\u00e9tico detalla que las bajas ocurridas en la expedici\u00f3n fueron mucho mayores que las reconocidas y habr\u00edan sido consecuencia del enfrentamiento ocurrido entre los norteamericanos con un ej\u00e9rcito enemigo, especul\u00e1ndose que podr\u00edan ser remanentes del ej\u00e9rcito alem\u00e1n que habr\u00edan estado atrincherados en\u00a0<strong>Nueva Suabia<\/strong>. El mismo narra un di\u00e1logo inquietante entre un operador, un teniente y el Contralmirante\u00a0<strong>Byrd<\/strong>.<\/p>\n\n\n\n<p><strong>Teniente<\/strong><em>:-Se\u00f1or, mensaje de la seguridad principal. Se encontraron\u2026<\/em><br><strong>Byrd<\/strong>:&nbsp;<em>-\u00bfCon qui\u00e9n se encontraron, Teniente?<\/em><br><strong>Teniente<\/strong>:-<em>Se\u00f1or, \u00e9l est\u00e1 hablando de\u2026 platillos voladores.<\/em><br>[El Contralmirante toma el micr\u00f3fono]<br><strong>Byrd<\/strong>:-<em>Habla el almirante Byrd. \u00bfQu\u00e9 diablos est\u00e1 pasando?<\/em><br><strong>Operador<\/strong>:&nbsp;<em>Se\u00f1or, salieron del agua y volaron por el aire. Parecen discos<\/em><br><strong>Byrd<\/strong>:&nbsp;<em>\u00bfA qui\u00e9n se refieren?<\/em><br><strong>Operador<\/strong>:&nbsp;<em>\u00a1Atacantes en el aire, atac\u00e1ndonos! \u2026<\/em><\/p>\n\n\n\n<p>En esta batalla, el escuadr\u00f3n del almirante&nbsp;<strong>Byrd<\/strong>&nbsp;perdi\u00f3 un crucero, cuatro aviones fueron derribados y otros nueve permanecieron en el hielo. Murieron decenas de personas. Cientos de infantes de marina y veinticinco cient\u00edficos a bordo de los barcos del escuadr\u00f3n presenciaron la batalla.&nbsp;<strong>Estados Unidos<\/strong>&nbsp;cierra la operaci\u00f3n y al poco tiempo se firma entre varios pa\u00edses el&nbsp;<strong>Tratado Ant\u00e1rtico<\/strong>&nbsp;que pone una suerte de&nbsp;<em>\u201c<strong>paraguas<\/strong>\u201d<\/em>&nbsp;diplom\u00e1tico, impidiendo a los pa\u00edses firmantes reclamo alguno sobre el territorio inicialmente por cinco d\u00e9cadas, plazo renovado posteriormente. Se impuso adem\u00e1s una suerte de cepo por el cual nadie puede ingresar a determinados sectores de la Ant\u00e1rtida y ni siquiera se puede divisar en los sistemas satelitales como&nbsp;<strong>Google Earth<\/strong>&nbsp;y otros similares, vastos sectores de la regi\u00f3n que aparecen opacados artificialmente.<\/p>\n\n\n\n<p>El\u00a0<strong>plan ant\u00e1rtico de Hitler<\/strong>\u00a0se vincul\u00f3 con otro proyecto cuyos restos fueron encontrados en las \u00faltimas etapas de la guerra en inmensas instalaciones subterr\u00e1neas (un complejo de bunkers llamado\u00a0<em>\u201c<strong>El Gigante<\/strong>\u201d<\/em>, cerca de\u00a0<strong>Bad Charlottenbrunn<\/strong>) y cuya finalidad habr\u00eda sido la construcci\u00f3n de artefactos voladores anti-gravitatorios, que el periodista y escritor polaco\u00a0<strong>Igor Witkowsk<\/strong>\u00a0llam\u00f3\u00a0<strong>Die Glocke<\/strong>\u00a0(la campana) por su forma. Por fuera de las especulaciones lo \u00fanico concreto de tantas afirmaciones fantasiosas es que numerosos pilotos aliados aseguraron ser seguidos por unas esferas incandescentes a las que llamaron\u00a0<em>\u201c<strong>Foo Firghters<\/strong>\u201d<\/em>\u00a0cuyas dimensiones variaban desde unos cent\u00edmetros de di\u00e1metro hasta tener el aspecto de un globo inmenso.\u00a0<strong>Emit\u00edan un brillo extraordinario<\/strong>\u00a0y su color iba del rojo al naranja o azul, aunque tambi\u00e9n fueron descriptas como blancas o plateadas;\u00a0<strong>las luces voladoras desaparecieron cuando los aliados capturaron las instalaciones secretas<\/strong>, pero \u00e9sta es historia para un pr\u00f3ximo art\u00edculo.<\/p>\n\n\n\n<figure class=\"wp-block-table\"><table class=\"has-fixed-layout\"><tbody><tr><td><strong>Artemio Gris<\/strong> es un nombre de pluma de un periodista de investigaci\u00f3n que colabora exclusivamente para \u00abEl Peso\u00bb<\/td><\/tr><\/tbody><\/table><\/figure>\n\n\n\n<p><\/p>\n","protected":false},"excerpt":{"rendered":"<p>[Artemio Gris]&nbsp;Howard Phillips Lovecraft&nbsp;imagin\u00f3 un mundo perdido detr\u00e1s de una gran muralla de hielo como la que encontraron aquellos que tuvieron la oportunidad de explorar la Ant\u00e1rtida, el \u00faltimo continente casi virgen que hab\u00eda hasta comienzos del siglo XX. En el siglo XIX, la Ant\u00e1rtida s\u00f3lo hab\u00eda sido explorada por algunas expediciones argentinas, la primera [&hellip;]<\/p>\n","protected":false},"author":1,"featured_media":670,"comment_status":"open","ping_status":"open","sticky":false,"template":"","format":"standard","meta":{"_uag_custom_page_level_css":"","_swt_meta_header_display":false,"_swt_meta_footer_display":false,"_swt_meta_site_title_display":false,"_swt_meta_sticky_header":false,"_swt_meta_transparent_header":false,"footnotes":""},"categories":[20],"tags":[],"class_list":["post-664","post","type-post","status-publish","format-standard","has-post-thumbnail","hentry","category-trece-misterios"],"uagb_featured_image_src":{"full":["https:\/\/elpeso.ar\/wp-content\/uploads\/2025\/01\/Batalla.jpeg",1274,764,false],"thumbnail":["https:\/\/elpeso.ar\/wp-content\/uploads\/2025\/01\/Batalla-150x150.jpeg",150,150,true],"medium":["https:\/\/elpeso.ar\/wp-content\/uploads\/2025\/01\/Batalla-300x180.jpeg",300,180,true],"medium_large":["https:\/\/elpeso.ar\/wp-content\/uploads\/2025\/01\/Batalla-768x461.jpeg",768,461,true],"large":["https:\/\/elpeso.ar\/wp-content\/uploads\/2025\/01\/Batalla-1024x614.jpeg",1024,614,true],"1536x1536":["https:\/\/elpeso.ar\/wp-content\/uploads\/2025\/01\/Batalla.jpeg",1274,764,false],"2048x2048":["https:\/\/elpeso.ar\/wp-content\/uploads\/2025\/01\/Batalla.jpeg",1274,764,false]},"uagb_author_info":{"display_name":"admin","author_link":"https:\/\/elpeso.ar\/index.php\/author\/admin_zf54oxiw\/"},"uagb_comment_info":0,"uagb_excerpt":"[Artemio Gris]&nbsp;Howard Phillips Lovecraft&nbsp;imagin\u00f3 un mundo perdido detr\u00e1s de una gran muralla de hielo como la que encontraron aquellos que tuvieron la oportunidad de explorar la Ant\u00e1rtida, el \u00faltimo continente casi virgen que hab\u00eda hasta comienzos del siglo XX. En el siglo XIX, la Ant\u00e1rtida s\u00f3lo hab\u00eda sido explorada por algunas expediciones argentinas, la primera&hellip;","_links":{"self":[{"href":"https:\/\/elpeso.ar\/index.php\/wp-json\/wp\/v2\/posts\/664","targetHints":{"allow":["GET"]}}],"collection":[{"href":"https:\/\/elpeso.ar\/index.php\/wp-json\/wp\/v2\/posts"}],"about":[{"href":"https:\/\/elpeso.ar\/index.php\/wp-json\/wp\/v2\/types\/post"}],"author":[{"embeddable":true,"href":"https:\/\/elpeso.ar\/index.php\/wp-json\/wp\/v2\/users\/1"}],"replies":[{"embeddable":true,"href":"https:\/\/elpeso.ar\/index.php\/wp-json\/wp\/v2\/comments?post=664"}],"version-history":[{"count":2,"href":"https:\/\/elpeso.ar\/index.php\/wp-json\/wp\/v2\/posts\/664\/revisions"}],"predecessor-version":[{"id":673,"href":"https:\/\/elpeso.ar\/index.php\/wp-json\/wp\/v2\/posts\/664\/revisions\/673"}],"wp:featuredmedia":[{"embeddable":true,"href":"https:\/\/elpeso.ar\/index.php\/wp-json\/wp\/v2\/media\/670"}],"wp:attachment":[{"href":"https:\/\/elpeso.ar\/index.php\/wp-json\/wp\/v2\/media?parent=664"}],"wp:term":[{"taxonomy":"category","embeddable":true,"href":"https:\/\/elpeso.ar\/index.php\/wp-json\/wp\/v2\/categories?post=664"},{"taxonomy":"post_tag","embeddable":true,"href":"https:\/\/elpeso.ar\/index.php\/wp-json\/wp\/v2\/tags?post=664"}],"curies":[{"name":"wp","href":"https:\/\/api.w.org\/{rel}","templated":true}]}}